{"id":10473,"date":"2025-06-26T10:35:02","date_gmt":"2025-06-26T10:35:02","guid":{"rendered":"https:\/\/corp.ametllerorigen.com\/?p=10473"},"modified":"2025-08-01T10:10:03","modified_gmt":"2025-08-01T10:10:03","slug":"que-tipo-de-fruta-es-la-nectarina","status":"publish","type":"post","link":"https:\/\/corp.ametllerorigen.com\/es\/noticias\/que-tipo-de-fruta-es-la-nectarina\/","title":{"rendered":"\u00bfQu\u00e9 tipo de fruta es la nectarina?"},"content":{"rendered":"<p><strong>De forma redonda, pulpa jugosa y muy parecida al melocot\u00f3n, <a href=\"https:\/\/www.ametllerorigen.com\/es\/fruta\/melocotones-y-albaricoques\">la nectarina<\/a> es una de las frutas de hueso m\u00e1s famosas de la temporada<\/strong>. De todos modos, si te preguntamos de qu\u00e9 tipo de fruta se trata, \u00bfnos lo sabr\u00edas decir? \u00bfEs una variedad de melocot\u00f3n o un injerto entre dos frutas? No te vamos a dejar con la duda, as\u00ed que te lo contamos todo a continuaci\u00f3n. \u00a1Toma nota!<\/p>\n<h2><strong>\u00bfQu\u00e9 fruta es la nectarina?<\/strong><\/h2>\n<p>Pues bien,<strong> la nectarina es una variante del melocot\u00f3n con piel no vellosa<\/strong>. En muchas ocasiones esta variedad <strong>nace del propio \u00e1rbol del melocot\u00f3n, como un brote mutado que se suele injertar para crear una nueva especie.<\/strong> Es habitual que los melocotoneros produzcan, de vez en cuando, unas cuantas nectarinas.<\/p>\n<h2><strong>\u00bfQu\u00e9 tipos de nectarinas existen?<\/strong><\/h2>\n<p>Igual que los melocotones, <strong>las nectarinas pueden ser de carne blanca o amarilla y esta puede estar adherida al hueso o bien suelta<\/strong>. La principal diferencia es que <strong>la de color blanco es un poco m\u00e1s jugosa y dulce, en comparaci\u00f3n con la de color amarillo.<\/strong><\/p>\n<h2><strong>5 propiedades de esta fruta de hueso<\/strong><\/h2>\n<p>La nectarina es una fruta, adem\u00e1s de deliciosa, llena de nutrientes y beneficios para la salud. \u00a1Te los contamos a continuaci\u00f3n!<\/p>\n<ul>\n<li><strong>Poco cal\u00f3rica<\/strong>, pues la mayor\u00eda de su peso es agua<\/li>\n<li><strong>Fuente de fibra<\/strong>, que ayuda a tu tr\u00e1nsito intestinal y microbiota<\/li>\n<li><strong>Vitamina C<\/strong>, potente antioxidante<\/li>\n<li><strong>Vitamina A<\/strong> en forma de betacarotenos esencial para la vista, la piel y el sistema inmunitario<\/li>\n<li>Fuente de minerales, especialmente <strong><a href=\"https:\/\/www.ametllerorigen.com\/es\/blog\/descubre-los-alimentos-con-mas-potasio-y-que-beneficios-te-aporta\">potasio<\/a><\/strong>, que ayuda en la prevenci\u00f3n de enfermedades cardiovasculares, y <strong>magnesio<\/strong> que ayuda al correcto funcionamiento de los m\u00fasculos y los nervios<\/li>\n<\/ul>\n<h2 style=\"text-align: center;\"><strong>\u00a0<\/strong><strong>Ahora que lo sabes todo sobre la nectarina, no dudes en incorporar esta deliciosa fruta en tu d\u00eda a d\u00eda. Puedes <a href=\"https:\/\/www.ametllerorigen.com\/es\/fruta\/melocotones-y-albaricoques?sc=14\">encontrar todas las variedades de nectarinas<\/a> en tu tienda habitual Ametller Origen y en la tienda online. \u00a1Disfr\u00fatalas!<\/strong><\/h2>\n","protected":false},"excerpt":{"rendered":"<p>De forma redonda, pulpa jugosa y muy parecida al melocot\u00f3n, la nectarina es una de las frutas de hueso m\u00e1s famosas de la temporada. De todos modos, si te preguntamos de qu\u00e9 tipo de fruta se trata, \u00bfnos lo sabr\u00edas decir? \u00bfEs una variedad de melocot\u00f3n o un injerto entre dos frutas? No te vamos [&hellip;]<\/p>\n","protected":false},"author":16,"featured_media":10474,"comment_status":"closed","ping_status":"open","sticky":false,"template":"","format":"standard","meta":{"_acf_changed":false,"footnotes":""},"categories":[56,274,53],"tags":[],"class_list":["post-10473","post","type-post","status-publish","format-standard","has-post-thumbnail","hentry","category-alimentacion-saludable","category-noticias","category-nutrientes"],"acf":{"show_in_app":true},"yoast_head":"<!-- This site is optimized with the Yoast SEO plugin v27.5 - https:\/\/yoast.com\/product\/yoast-seo-wordpress\/ -->\n<title>Todo lo que debes saber sobre la nectarina - Ametller Origen<\/title>\n<meta name=\"description\" content=\"Si te preguntamos de qu\u00e9 tipo de fruta se trata la nectarina, \u00bfnos lo sabr\u00edas decir? \u00bfEs una variedad de melocot\u00f3n o un injerto entre dos frutas? !Te lo contamos todo a continuaci\u00f3n!\" \/>\n<meta name=\"robots\" content=\"index, follow, max-snippet:-1, max-image-preview:large, max-video-preview:-1\" \/>\n<link rel=\"canonical\" href=\"https:\/\/corp.ametllerorigen.com\/es\/noticias\/nutrientes\/que-tipo-de-fruta-es-la-nectarina\/\" \/>\n<meta property=\"og:locale\" content=\"es_ES\" \/>\n<meta property=\"og:type\" content=\"article\" \/>\n<meta property=\"og:title\" content=\"Todo lo que debes saber sobre la nectarina - Ametller Origen\" \/>\n<meta property=\"og:description\" content=\"Si te preguntamos de qu\u00e9 tipo de fruta se trata la nectarina, \u00bfnos lo sabr\u00edas decir? \u00bfEs una variedad de melocot\u00f3n o un injerto entre dos frutas? !Te lo contamos todo a continuaci\u00f3n!\" \/>\n<meta property=\"og:url\" content=\"https:\/\/corp.ametllerorigen.com\/es\/noticias\/nutrientes\/que-tipo-de-fruta-es-la-nectarina\/\" \/>\n<meta property=\"og:site_name\" content=\"Ametller Origen\" \/>\n<meta property=\"article:published_time\" content=\"2025-06-26T10:35:02+00:00\" \/>\n<meta property=\"article:modified_time\" content=\"2025-08-01T10:10:03+00:00\" \/>\n<meta property=\"og:image\" content=\"https:\/\/corp.ametllerorigen.com\/wp-content\/uploads\/2023\/06\/blog_nectarina.jpg\" \/>\n\t<meta property=\"og:image:width\" content=\"1200\" \/>\n\t<meta property=\"og:image:height\" content=\"720\" \/>\n\t<meta property=\"og:image:type\" content=\"image\/jpeg\" \/>\n<meta name=\"author\" content=\"Ametller Origen\" \/>\n<meta name=\"twitter:card\" content=\"summary_large_image\" \/>\n<meta name=\"twitter:label1\" content=\"Escrito por\" \/>\n\t<meta name=\"twitter:data1\" content=\"Ametller Origen\" \/>\n\t<meta name=\"twitter:label2\" content=\"Tiempo de lectura\" \/>\n\t<meta name=\"twitter:data2\" content=\"2 minutos\" \/>\n<script type=\"application\/ld+json\" class=\"yoast-schema-graph\">{\"@context\":\"https:\\\/\\\/schema.org\",\"@graph\":[{\"@type\":\"Article\",\"@id\":\"https:\\\/\\\/corp.ametllerorigen.com\\\/es\\\/noticias\\\/nutrientes\\\/que-tipo-de-fruta-es-la-nectarina\\\/#article\",\"isPartOf\":{\"@id\":\"https:\\\/\\\/corp.ametllerorigen.com\\\/es\\\/noticias\\\/nutrientes\\\/que-tipo-de-fruta-es-la-nectarina\\\/\"},\"author\":{\"name\":\"Ametller Origen\",\"@id\":\"https:\\\/\\\/corp.ametllerorigen.com\\\/#\\\/schema\\\/person\\\/07838bbfabcd45e323ce472857f37262\"},\"headline\":\"\u00bfQu\u00e9 tipo de fruta es la nectarina?\",\"datePublished\":\"2025-06-26T10:35:02+00:00\",\"dateModified\":\"2025-08-01T10:10:03+00:00\",\"mainEntityOfPage\":{\"@id\":\"https:\\\/\\\/corp.ametllerorigen.com\\\/es\\\/noticias\\\/nutrientes\\\/que-tipo-de-fruta-es-la-nectarina\\\/\"},\"wordCount\":335,\"publisher\":{\"@id\":\"https:\\\/\\\/corp.ametllerorigen.com\\\/#organization\"},\"image\":{\"@id\":\"https:\\\/\\\/corp.ametllerorigen.com\\\/es\\\/noticias\\\/nutrientes\\\/que-tipo-de-fruta-es-la-nectarina\\\/#primaryimage\"},\"thumbnailUrl\":\"https:\\\/\\\/corp.ametllerorigen.com\\\/wp-content\\\/uploads\\\/2023\\\/06\\\/blog_nectarina.jpg\",\"articleSection\":[\"Alimentaci\u00f3n saludable\",\"Noticias\",\"Nutrientes\"],\"inLanguage\":\"es\"},{\"@type\":\"WebPage\",\"@id\":\"https:\\\/\\\/corp.ametllerorigen.com\\\/es\\\/noticias\\\/nutrientes\\\/que-tipo-de-fruta-es-la-nectarina\\\/\",\"url\":\"https:\\\/\\\/corp.ametllerorigen.com\\\/es\\\/noticias\\\/nutrientes\\\/que-tipo-de-fruta-es-la-nectarina\\\/\",\"name\":\"Todo lo que debes saber sobre la nectarina - Ametller Origen\",\"isPartOf\":{\"@id\":\"https:\\\/\\\/corp.ametllerorigen.com\\\/#website\"},\"primaryImageOfPage\":{\"@id\":\"https:\\\/\\\/corp.ametllerorigen.com\\\/es\\\/noticias\\\/nutrientes\\\/que-tipo-de-fruta-es-la-nectarina\\\/#primaryimage\"},\"image\":{\"@id\":\"https:\\\/\\\/corp.ametllerorigen.com\\\/es\\\/noticias\\\/nutrientes\\\/que-tipo-de-fruta-es-la-nectarina\\\/#primaryimage\"},\"thumbnailUrl\":\"https:\\\/\\\/corp.ametllerorigen.com\\\/wp-content\\\/uploads\\\/2023\\\/06\\\/blog_nectarina.jpg\",\"datePublished\":\"2025-06-26T10:35:02+00:00\",\"dateModified\":\"2025-08-01T10:10:03+00:00\",\"description\":\"Si te preguntamos de qu\u00e9 tipo de fruta se trata la nectarina, \u00bfnos lo sabr\u00edas decir? \u00bfEs una variedad de melocot\u00f3n o un injerto entre dos frutas? !Te lo contamos todo a continuaci\u00f3n!\",\"breadcrumb\":{\"@id\":\"https:\\\/\\\/corp.ametllerorigen.com\\\/es\\\/noticias\\\/nutrientes\\\/que-tipo-de-fruta-es-la-nectarina\\\/#breadcrumb\"},\"inLanguage\":\"es\",\"potentialAction\":[{\"@type\":\"ReadAction\",\"target\":[\"https:\\\/\\\/corp.ametllerorigen.com\\\/es\\\/noticias\\\/nutrientes\\\/que-tipo-de-fruta-es-la-nectarina\\\/\"]}]},{\"@type\":\"ImageObject\",\"inLanguage\":\"es\",\"@id\":\"https:\\\/\\\/corp.ametllerorigen.com\\\/es\\\/noticias\\\/nutrientes\\\/que-tipo-de-fruta-es-la-nectarina\\\/#primaryimage\",\"url\":\"https:\\\/\\\/corp.ametllerorigen.com\\\/wp-content\\\/uploads\\\/2023\\\/06\\\/blog_nectarina.jpg\",\"contentUrl\":\"https:\\\/\\\/corp.ametllerorigen.com\\\/wp-content\\\/uploads\\\/2023\\\/06\\\/blog_nectarina.jpg\",\"width\":1200,\"height\":720},{\"@type\":\"BreadcrumbList\",\"@id\":\"https:\\\/\\\/corp.ametllerorigen.com\\\/es\\\/noticias\\\/nutrientes\\\/que-tipo-de-fruta-es-la-nectarina\\\/#breadcrumb\",\"itemListElement\":[{\"@type\":\"ListItem\",\"position\":1,\"name\":\"Inici\",\"item\":\"https:\\\/\\\/corp.ametllerorigen.com\\\/es\\\/home\\\/\"},{\"@type\":\"ListItem\",\"position\":2,\"name\":\"\u00bfQu\u00e9 tipo de fruta es la nectarina?\"}]},{\"@type\":\"WebSite\",\"@id\":\"https:\\\/\\\/corp.ametllerorigen.com\\\/#website\",\"url\":\"https:\\\/\\\/corp.ametllerorigen.com\\\/\",\"name\":\"Ametller Origen\",\"description\":\"Pensa com menges, menja com penses\",\"publisher\":{\"@id\":\"https:\\\/\\\/corp.ametllerorigen.com\\\/#organization\"},\"potentialAction\":[{\"@type\":\"SearchAction\",\"target\":{\"@type\":\"EntryPoint\",\"urlTemplate\":\"https:\\\/\\\/corp.ametllerorigen.com\\\/?s={search_term_string}\"},\"query-input\":{\"@type\":\"PropertyValueSpecification\",\"valueRequired\":true,\"valueName\":\"search_term_string\"}}],\"inLanguage\":\"es\"},{\"@type\":\"Organization\",\"@id\":\"https:\\\/\\\/corp.ametllerorigen.com\\\/#organization\",\"name\":\"Ametller Origen\",\"url\":\"https:\\\/\\\/corp.ametllerorigen.com\\\/\",\"logo\":{\"@type\":\"ImageObject\",\"inLanguage\":\"es\",\"@id\":\"https:\\\/\\\/corp.ametllerorigen.com\\\/#\\\/schema\\\/logo\\\/image\\\/\",\"url\":\"https:\\\/\\\/corp.ametllerorigen.com\\\/wp-content\\\/uploads\\\/2025\\\/09\\\/Favicon.svg\",\"contentUrl\":\"https:\\\/\\\/corp.ametllerorigen.com\\\/wp-content\\\/uploads\\\/2025\\\/09\\\/Favicon.svg\",\"caption\":\"Ametller Origen\"},\"image\":{\"@id\":\"https:\\\/\\\/corp.ametllerorigen.com\\\/#\\\/schema\\\/logo\\\/image\\\/\"}},{\"@type\":\"Person\",\"@id\":\"https:\\\/\\\/corp.ametllerorigen.com\\\/#\\\/schema\\\/person\\\/07838bbfabcd45e323ce472857f37262\",\"name\":\"Ametller Origen\",\"url\":\"https:\\\/\\\/corp.ametllerorigen.com\\\/es\\\/author\\\/ametllerorigen\\\/\"}]}<\/script>\n<!-- \/ Yoast SEO plugin. -->","yoast_head_json":{"title":"Todo lo que debes saber sobre la nectarina - Ametller Origen","description":"Si te preguntamos de qu\u00e9 tipo de fruta se trata la nectarina, \u00bfnos lo sabr\u00edas decir? \u00bfEs una variedad de melocot\u00f3n o un injerto entre dos frutas? !Te lo contamos todo a continuaci\u00f3n!","robots":{"index":"index","follow":"follow","max-snippet":"max-snippet:-1","max-image-preview":"max-image-preview:large","max-video-preview":"max-video-preview:-1"},"canonical":"https:\/\/corp.ametllerorigen.com\/es\/noticias\/nutrientes\/que-tipo-de-fruta-es-la-nectarina\/","og_locale":"es_ES","og_type":"article","og_title":"Todo lo que debes saber sobre la nectarina - Ametller Origen","og_description":"Si te preguntamos de qu\u00e9 tipo de fruta se trata la nectarina, \u00bfnos lo sabr\u00edas decir? \u00bfEs una variedad de melocot\u00f3n o un injerto entre dos frutas? !Te lo contamos todo a continuaci\u00f3n!","og_url":"https:\/\/corp.ametllerorigen.com\/es\/noticias\/nutrientes\/que-tipo-de-fruta-es-la-nectarina\/","og_site_name":"Ametller Origen","article_published_time":"2025-06-26T10:35:02+00:00","article_modified_time":"2025-08-01T10:10:03+00:00","og_image":[{"width":1200,"height":720,"url":"https:\/\/corp.ametllerorigen.com\/wp-content\/uploads\/2023\/06\/blog_nectarina.jpg","type":"image\/jpeg"}],"author":"Ametller Origen","twitter_card":"summary_large_image","twitter_misc":{"Escrito por":"Ametller Origen","Tiempo de lectura":"2 minutos"},"schema":{"@context":"https:\/\/schema.org","@graph":[{"@type":"Article","@id":"https:\/\/corp.ametllerorigen.com\/es\/noticias\/nutrientes\/que-tipo-de-fruta-es-la-nectarina\/#article","isPartOf":{"@id":"https:\/\/corp.ametllerorigen.com\/es\/noticias\/nutrientes\/que-tipo-de-fruta-es-la-nectarina\/"},"author":{"name":"Ametller Origen","@id":"https:\/\/corp.ametllerorigen.com\/#\/schema\/person\/07838bbfabcd45e323ce472857f37262"},"headline":"\u00bfQu\u00e9 tipo de fruta es la nectarina?","datePublished":"2025-06-26T10:35:02+00:00","dateModified":"2025-08-01T10:10:03+00:00","mainEntityOfPage":{"@id":"https:\/\/corp.ametllerorigen.com\/es\/noticias\/nutrientes\/que-tipo-de-fruta-es-la-nectarina\/"},"wordCount":335,"publisher":{"@id":"https:\/\/corp.ametllerorigen.com\/#organization"},"image":{"@id":"https:\/\/corp.ametllerorigen.com\/es\/noticias\/nutrientes\/que-tipo-de-fruta-es-la-nectarina\/#primaryimage"},"thumbnailUrl":"https:\/\/corp.ametllerorigen.com\/wp-content\/uploads\/2023\/06\/blog_nectarina.jpg","articleSection":["Alimentaci\u00f3n saludable","Noticias","Nutrientes"],"inLanguage":"es"},{"@type":"WebPage","@id":"https:\/\/corp.ametllerorigen.com\/es\/noticias\/nutrientes\/que-tipo-de-fruta-es-la-nectarina\/","url":"https:\/\/corp.ametllerorigen.com\/es\/noticias\/nutrientes\/que-tipo-de-fruta-es-la-nectarina\/","name":"Todo lo que debes saber sobre la nectarina - Ametller Origen","isPartOf":{"@id":"https:\/\/corp.ametllerorigen.com\/#website"},"primaryImageOfPage":{"@id":"https:\/\/corp.ametllerorigen.com\/es\/noticias\/nutrientes\/que-tipo-de-fruta-es-la-nectarina\/#primaryimage"},"image":{"@id":"https:\/\/corp.ametllerorigen.com\/es\/noticias\/nutrientes\/que-tipo-de-fruta-es-la-nectarina\/#primaryimage"},"thumbnailUrl":"https:\/\/corp.ametllerorigen.com\/wp-content\/uploads\/2023\/06\/blog_nectarina.jpg","datePublished":"2025-06-26T10:35:02+00:00","dateModified":"2025-08-01T10:10:03+00:00","description":"Si te preguntamos de qu\u00e9 tipo de fruta se trata la nectarina, \u00bfnos lo sabr\u00edas decir? \u00bfEs una variedad de melocot\u00f3n o un injerto entre dos frutas? !Te lo contamos todo a continuaci\u00f3n!","breadcrumb":{"@id":"https:\/\/corp.ametllerorigen.com\/es\/noticias\/nutrientes\/que-tipo-de-fruta-es-la-nectarina\/#breadcrumb"},"inLanguage":"es","potentialAction":[{"@type":"ReadAction","target":["https:\/\/corp.ametllerorigen.com\/es\/noticias\/nutrientes\/que-tipo-de-fruta-es-la-nectarina\/"]}]},{"@type":"ImageObject","inLanguage":"es","@id":"https:\/\/corp.ametllerorigen.com\/es\/noticias\/nutrientes\/que-tipo-de-fruta-es-la-nectarina\/#primaryimage","url":"https:\/\/corp.ametllerorigen.com\/wp-content\/uploads\/2023\/06\/blog_nectarina.jpg","contentUrl":"https:\/\/corp.ametllerorigen.com\/wp-content\/uploads\/2023\/06\/blog_nectarina.jpg","width":1200,"height":720},{"@type":"BreadcrumbList","@id":"https:\/\/corp.ametllerorigen.com\/es\/noticias\/nutrientes\/que-tipo-de-fruta-es-la-nectarina\/#breadcrumb","itemListElement":[{"@type":"ListItem","position":1,"name":"Inici","item":"https:\/\/corp.ametllerorigen.com\/es\/home\/"},{"@type":"ListItem","position":2,"name":"\u00bfQu\u00e9 tipo de fruta es la nectarina?"}]},{"@type":"WebSite","@id":"https:\/\/corp.ametllerorigen.com\/#website","url":"https:\/\/corp.ametllerorigen.com\/","name":"Ametller Origen","description":"Pensa com menges, menja com penses","publisher":{"@id":"https:\/\/corp.ametllerorigen.com\/#organization"},"potentialAction":[{"@type":"SearchAction","target":{"@type":"EntryPoint","urlTemplate":"https:\/\/corp.ametllerorigen.com\/?s={search_term_string}"},"query-input":{"@type":"PropertyValueSpecification","valueRequired":true,"valueName":"search_term_string"}}],"inLanguage":"es"},{"@type":"Organization","@id":"https:\/\/corp.ametllerorigen.com\/#organization","name":"Ametller Origen","url":"https:\/\/corp.ametllerorigen.com\/","logo":{"@type":"ImageObject","inLanguage":"es","@id":"https:\/\/corp.ametllerorigen.com\/#\/schema\/logo\/image\/","url":"https:\/\/corp.ametllerorigen.com\/wp-content\/uploads\/2025\/09\/Favicon.svg","contentUrl":"https:\/\/corp.ametllerorigen.com\/wp-content\/uploads\/2025\/09\/Favicon.svg","caption":"Ametller Origen"},"image":{"@id":"https:\/\/corp.ametllerorigen.com\/#\/schema\/logo\/image\/"}},{"@type":"Person","@id":"https:\/\/corp.ametllerorigen.com\/#\/schema\/person\/07838bbfabcd45e323ce472857f37262","name":"Ametller Origen","url":"https:\/\/corp.ametllerorigen.com\/es\/author\/ametllerorigen\/"}]}},"_links":{"self":[{"href":"https:\/\/corp.ametllerorigen.com\/es\/wp-json\/wp\/v2\/posts\/10473","targetHints":{"allow":["GET"]}}],"collection":[{"href":"https:\/\/corp.ametllerorigen.com\/es\/wp-json\/wp\/v2\/posts"}],"about":[{"href":"https:\/\/corp.ametllerorigen.com\/es\/wp-json\/wp\/v2\/types\/post"}],"author":[{"embeddable":true,"href":"https:\/\/corp.ametllerorigen.com\/es\/wp-json\/wp\/v2\/users\/16"}],"replies":[{"embeddable":true,"href":"https:\/\/corp.ametllerorigen.com\/es\/wp-json\/wp\/v2\/comments?post=10473"}],"version-history":[{"count":2,"href":"https:\/\/corp.ametllerorigen.com\/es\/wp-json\/wp\/v2\/posts\/10473\/revisions"}],"predecessor-version":[{"id":10477,"href":"https:\/\/corp.ametllerorigen.com\/es\/wp-json\/wp\/v2\/posts\/10473\/revisions\/10477"}],"wp:featuredmedia":[{"embeddable":true,"href":"https:\/\/corp.ametllerorigen.com\/es\/wp-json\/wp\/v2\/media\/10474"}],"wp:attachment":[{"href":"https:\/\/corp.ametllerorigen.com\/es\/wp-json\/wp\/v2\/media?parent=10473"}],"wp:term":[{"taxonomy":"category","embeddable":true,"href":"https:\/\/corp.ametllerorigen.com\/es\/wp-json\/wp\/v2\/categories?post=10473"},{"taxonomy":"post_tag","embeddable":true,"href":"https:\/\/corp.ametllerorigen.com\/es\/wp-json\/wp\/v2\/tags?post=10473"}],"curies":[{"name":"wp","href":"https:\/\/api.w.org\/{rel}","templated":true}]}}