{"id":12586,"date":"2022-10-11T07:30:19","date_gmt":"2022-10-11T07:30:19","guid":{"rendered":"https:\/\/corp.ametllerorigen.com\/?p=12586"},"modified":"2024-01-08T07:22:45","modified_gmt":"2024-01-08T07:22:45","slug":"las-mejores-frutas-exoticas-para-la-navidad","status":"publish","type":"post","link":"https:\/\/corp.ametllerorigen.com\/es\/noticias\/las-mejores-frutas-exoticas-para-la-navidad\/","title":{"rendered":"Las mejores frutas ex\u00f3ticas para la Navidad"},"content":{"rendered":"<p>\u00bfHas o\u00eddo hablar sobre la pitahaya, el lichi o el maracuy\u00e1? Por si no lo sab\u00edas, estos nombres hacen referencia a diferentes <strong><a href=\"https:\/\/www.ametllerorigen.com\/es\/fruta\/pina-coco-y-otras-frutas-tropicales\">frutas ex\u00f3ticas<\/a><\/strong>. Si bien es cierto que no son muy famosas en nuestro pa\u00eds, <strong>se vuelven \u00a0las protagonistas durante las fiestas navide\u00f1as<\/strong>. Y es justamente porque no son habituales en nuestro d\u00eda a d\u00eda, que durante la Navidad se incorporan en nuestras mesas, porque son algo especial para todos nosotros. \u00bfQuieres saber cu\u00e1les son? \u00a1Toma nota!<\/p>\n<h2><strong>Estas son las 5 frutas ex\u00f3ticas que debes conocer<\/strong><\/h2>\n<ul>\n<li><strong>Pitahaya:<\/strong> Tambi\u00e9n conocida como fruta del drag\u00f3n, es un cactus que tiene un fruto de piel rosa o amarilla y por dentro es blanco con semillas negras. Lo m\u00e1s curioso de esta fruta tropical es que la piel presenta como escamas. Su sabor es dulce con un punto \u00e1cido.<\/li>\n<li><strong>Maracuy\u00e1: <\/strong>Tambi\u00e9n recibe el nombre de fruta de la pasi\u00f3n. Por fuera es de color granate o amarillo, de piel gruesa, y por dentro tiene una parte gelatinosa con semillas comestibles.<\/li>\n<li><strong>Lichi:<\/strong> El lichi es una fruta procedente de un \u00e1rbol de origen chino. El fruto es peque\u00f1o, de color rojo apagado por fuera y blanco y carnoso por dentro. Es tambi\u00e9n dulce y un poco \u00e1cido.<\/li>\n<li><strong>Papaya:<\/strong> Esta fruta seguro que te suena; de forma oval, naranja por fuera y de color naranja chill\u00f3n por dentro con semillas negras. Su sabor recuerda al albaricoque.<\/li>\n<li><strong>Physalis o tomatillo:<\/strong> Como bien indica su nombre, el tomatillo es como un tomate cherry, pero con la diferencia que es una fruta y de color naranja. Est\u00e1 envuelto unas hojas finas de color marr\u00f3n p\u00e1lido.<\/li>\n<\/ul>\n<h3 style=\"text-align: center;\">\u00bfQuieres saber qu\u00e9 recetas preparar con estas frutas? \u00a1Desc\u00fabrelo <a href=\"https:\/\/corp.ametllerorigen.com\/es\/recetas\/\">en nuestro recetario<\/a>!<\/h3>\n<h2><strong>\u00bfPor qu\u00e9 reciben este nombre?\u00a0\u00a0<\/strong><\/h2>\n<p>Como habr\u00e1s deducido, <strong>las frutas ex\u00f3ticas reciben este nombre por su procedencia<\/strong>, es decir, <strong>un pa\u00eds lejano al lugar de consumo<\/strong>. Asimismo, estas frutas acostumbran a ser tambi\u00e9n frutas tropicales, es decir, se cultivan en pa\u00edses con un clima tropical.<\/p>\n<h2 style=\"text-align: center;\"><strong>\u00a0<\/strong><strong>\u00a1Encuentra en tu tienda habitual Ametller Origen y en la tienda online, <a href=\"https:\/\/www.ametllerorigen.com\/es\/fruta\/pina-coco-y-otras-frutas-tropicales\">las mejores frutas ex\u00f3ticas<\/a> para tus fiestas navide\u00f1as!<\/strong><\/h2>\n","protected":false},"excerpt":{"rendered":"<p>\u00bfHas o\u00eddo hablar sobre la pitahaya, el lichi o el maracuy\u00e1? Por si no lo sab\u00edas, estos nombres hacen referencia a diferentes frutas ex\u00f3ticas. Si bien es cierto que no son muy famosas en nuestro pa\u00eds, se vuelven \u00a0las protagonistas durante las fiestas navide\u00f1as. Y es justamente porque no son habituales en nuestro d\u00eda a [&hellip;]<\/p>\n","protected":false},"author":5,"featured_media":12587,"comment_status":"closed","ping_status":"open","sticky":false,"template":"","format":"standard","meta":{"_acf_changed":false,"footnotes":""},"categories":[56,274,53],"tags":[],"class_list":["post-12586","post","type-post","status-publish","format-standard","has-post-thumbnail","hentry","category-alimentacion-saludable","category-noticias","category-nutrientes"],"acf":{"show_in_app":true},"yoast_head":"<!-- This site is optimized with the Yoast SEO plugin v27.5 - https:\/\/yoast.com\/product\/yoast-seo-wordpress\/ -->\n<title>Las mejores frutas ex\u00f3ticas para la Navidad - Ametller Origen<\/title>\n<meta name=\"description\" content=\"Las frutas ex\u00f3ticas se vuelven\u00a0las protagonistas durante las fiestas navide\u00f1as. Y es justamente porque no son habituales en nuestro d\u00eda a d\u00eda, que durante la Navidad se incorporan en nuestras mesas, porque son algo especial para todos nosotros. \u00bfQuieres saber cu\u00e1les son?\" \/>\n<meta name=\"robots\" content=\"index, follow, max-snippet:-1, max-image-preview:large, max-video-preview:-1\" \/>\n<link rel=\"canonical\" href=\"https:\/\/corp.ametllerorigen.com\/es\/noticias\/las-mejores-frutas-exoticas-para-la-navidad\/\" \/>\n<meta property=\"og:locale\" content=\"es_ES\" \/>\n<meta property=\"og:type\" content=\"article\" \/>\n<meta property=\"og:title\" content=\"Las mejores frutas ex\u00f3ticas para la Navidad - Ametller Origen\" \/>\n<meta property=\"og:description\" content=\"Las frutas ex\u00f3ticas se vuelven\u00a0las protagonistas durante las fiestas navide\u00f1as. Y es justamente porque no son habituales en nuestro d\u00eda a d\u00eda, que durante la Navidad se incorporan en nuestras mesas, porque son algo especial para todos nosotros. \u00bfQuieres saber cu\u00e1les son?\" \/>\n<meta property=\"og:url\" content=\"https:\/\/corp.ametllerorigen.com\/es\/noticias\/las-mejores-frutas-exoticas-para-la-navidad\/\" \/>\n<meta property=\"og:site_name\" content=\"Ametller Origen\" \/>\n<meta property=\"article:published_time\" content=\"2022-10-11T07:30:19+00:00\" \/>\n<meta property=\"article:modified_time\" content=\"2024-01-08T07:22:45+00:00\" \/>\n<meta property=\"og:image\" content=\"https:\/\/corp.ametllerorigen.com\/wp-content\/uploads\/2023\/12\/Proyecto-nuevo-62.jpg\" \/>\n\t<meta property=\"og:image:width\" content=\"1200\" \/>\n\t<meta property=\"og:image:height\" content=\"720\" \/>\n\t<meta property=\"og:image:type\" content=\"image\/jpeg\" \/>\n<meta name=\"author\" content=\"Mireia Zaragoza\" \/>\n<meta name=\"twitter:card\" content=\"summary_large_image\" \/>\n<meta name=\"twitter:label1\" content=\"Escrito por\" \/>\n\t<meta name=\"twitter:data1\" content=\"Mireia Zaragoza\" \/>\n\t<meta name=\"twitter:label2\" content=\"Tiempo de lectura\" \/>\n\t<meta name=\"twitter:data2\" content=\"2 minutos\" \/>\n<script type=\"application\/ld+json\" class=\"yoast-schema-graph\">{\"@context\":\"https:\\\/\\\/schema.org\",\"@graph\":[{\"@type\":\"Article\",\"@id\":\"https:\\\/\\\/corp.ametllerorigen.com\\\/es\\\/noticias\\\/las-mejores-frutas-exoticas-para-la-navidad\\\/#article\",\"isPartOf\":{\"@id\":\"https:\\\/\\\/corp.ametllerorigen.com\\\/es\\\/noticias\\\/las-mejores-frutas-exoticas-para-la-navidad\\\/\"},\"author\":{\"name\":\"Mireia Zaragoza\",\"@id\":\"https:\\\/\\\/corp.ametllerorigen.com\\\/#\\\/schema\\\/person\\\/e22939cc3e873ae0a7cc0026def2b714\"},\"headline\":\"Las mejores frutas ex\u00f3ticas para la Navidad\",\"datePublished\":\"2022-10-11T07:30:19+00:00\",\"dateModified\":\"2024-01-08T07:22:45+00:00\",\"mainEntityOfPage\":{\"@id\":\"https:\\\/\\\/corp.ametllerorigen.com\\\/es\\\/noticias\\\/las-mejores-frutas-exoticas-para-la-navidad\\\/\"},\"wordCount\":378,\"publisher\":{\"@id\":\"https:\\\/\\\/corp.ametllerorigen.com\\\/#organization\"},\"image\":{\"@id\":\"https:\\\/\\\/corp.ametllerorigen.com\\\/es\\\/noticias\\\/las-mejores-frutas-exoticas-para-la-navidad\\\/#primaryimage\"},\"thumbnailUrl\":\"https:\\\/\\\/corp.ametllerorigen.com\\\/wp-content\\\/uploads\\\/2023\\\/12\\\/Proyecto-nuevo-62.jpg\",\"articleSection\":[\"Alimentaci\u00f3n saludable\",\"Noticias\",\"Nutrientes\"],\"inLanguage\":\"es\"},{\"@type\":\"WebPage\",\"@id\":\"https:\\\/\\\/corp.ametllerorigen.com\\\/es\\\/noticias\\\/las-mejores-frutas-exoticas-para-la-navidad\\\/\",\"url\":\"https:\\\/\\\/corp.ametllerorigen.com\\\/es\\\/noticias\\\/las-mejores-frutas-exoticas-para-la-navidad\\\/\",\"name\":\"Las mejores frutas ex\u00f3ticas para la Navidad - Ametller Origen\",\"isPartOf\":{\"@id\":\"https:\\\/\\\/corp.ametllerorigen.com\\\/#website\"},\"primaryImageOfPage\":{\"@id\":\"https:\\\/\\\/corp.ametllerorigen.com\\\/es\\\/noticias\\\/las-mejores-frutas-exoticas-para-la-navidad\\\/#primaryimage\"},\"image\":{\"@id\":\"https:\\\/\\\/corp.ametllerorigen.com\\\/es\\\/noticias\\\/las-mejores-frutas-exoticas-para-la-navidad\\\/#primaryimage\"},\"thumbnailUrl\":\"https:\\\/\\\/corp.ametllerorigen.com\\\/wp-content\\\/uploads\\\/2023\\\/12\\\/Proyecto-nuevo-62.jpg\",\"datePublished\":\"2022-10-11T07:30:19+00:00\",\"dateModified\":\"2024-01-08T07:22:45+00:00\",\"description\":\"Las frutas ex\u00f3ticas se vuelven\u00a0las protagonistas durante las fiestas navide\u00f1as. Y es justamente porque no son habituales en nuestro d\u00eda a d\u00eda, que durante la Navidad se incorporan en nuestras mesas, porque son algo especial para todos nosotros. \u00bfQuieres saber cu\u00e1les son?\",\"breadcrumb\":{\"@id\":\"https:\\\/\\\/corp.ametllerorigen.com\\\/es\\\/noticias\\\/las-mejores-frutas-exoticas-para-la-navidad\\\/#breadcrumb\"},\"inLanguage\":\"es\",\"potentialAction\":[{\"@type\":\"ReadAction\",\"target\":[\"https:\\\/\\\/corp.ametllerorigen.com\\\/es\\\/noticias\\\/las-mejores-frutas-exoticas-para-la-navidad\\\/\"]}]},{\"@type\":\"ImageObject\",\"inLanguage\":\"es\",\"@id\":\"https:\\\/\\\/corp.ametllerorigen.com\\\/es\\\/noticias\\\/las-mejores-frutas-exoticas-para-la-navidad\\\/#primaryimage\",\"url\":\"https:\\\/\\\/corp.ametllerorigen.com\\\/wp-content\\\/uploads\\\/2023\\\/12\\\/Proyecto-nuevo-62.jpg\",\"contentUrl\":\"https:\\\/\\\/corp.ametllerorigen.com\\\/wp-content\\\/uploads\\\/2023\\\/12\\\/Proyecto-nuevo-62.jpg\",\"width\":1200,\"height\":720},{\"@type\":\"BreadcrumbList\",\"@id\":\"https:\\\/\\\/corp.ametllerorigen.com\\\/es\\\/noticias\\\/las-mejores-frutas-exoticas-para-la-navidad\\\/#breadcrumb\",\"itemListElement\":[{\"@type\":\"ListItem\",\"position\":1,\"name\":\"Inici\",\"item\":\"https:\\\/\\\/corp.ametllerorigen.com\\\/es\\\/home\\\/\"},{\"@type\":\"ListItem\",\"position\":2,\"name\":\"Las mejores frutas ex\u00f3ticas para la Navidad\"}]},{\"@type\":\"WebSite\",\"@id\":\"https:\\\/\\\/corp.ametllerorigen.com\\\/#website\",\"url\":\"https:\\\/\\\/corp.ametllerorigen.com\\\/\",\"name\":\"Ametller Origen\",\"description\":\"Pensa com menges, menja com penses\",\"publisher\":{\"@id\":\"https:\\\/\\\/corp.ametllerorigen.com\\\/#organization\"},\"potentialAction\":[{\"@type\":\"SearchAction\",\"target\":{\"@type\":\"EntryPoint\",\"urlTemplate\":\"https:\\\/\\\/corp.ametllerorigen.com\\\/?s={search_term_string}\"},\"query-input\":{\"@type\":\"PropertyValueSpecification\",\"valueRequired\":true,\"valueName\":\"search_term_string\"}}],\"inLanguage\":\"es\"},{\"@type\":\"Organization\",\"@id\":\"https:\\\/\\\/corp.ametllerorigen.com\\\/#organization\",\"name\":\"Ametller Origen\",\"url\":\"https:\\\/\\\/corp.ametllerorigen.com\\\/\",\"logo\":{\"@type\":\"ImageObject\",\"inLanguage\":\"es\",\"@id\":\"https:\\\/\\\/corp.ametllerorigen.com\\\/#\\\/schema\\\/logo\\\/image\\\/\",\"url\":\"https:\\\/\\\/corp.ametllerorigen.com\\\/wp-content\\\/uploads\\\/2025\\\/09\\\/Favicon.svg\",\"contentUrl\":\"https:\\\/\\\/corp.ametllerorigen.com\\\/wp-content\\\/uploads\\\/2025\\\/09\\\/Favicon.svg\",\"caption\":\"Ametller Origen\"},\"image\":{\"@id\":\"https:\\\/\\\/corp.ametllerorigen.com\\\/#\\\/schema\\\/logo\\\/image\\\/\"}},{\"@type\":\"Person\",\"@id\":\"https:\\\/\\\/corp.ametllerorigen.com\\\/#\\\/schema\\\/person\\\/e22939cc3e873ae0a7cc0026def2b714\",\"name\":\"Mireia Zaragoza\",\"url\":\"https:\\\/\\\/corp.ametllerorigen.com\\\/es\\\/author\\\/mzaragoza\\\/\"}]}<\/script>\n<!-- \/ Yoast SEO plugin. -->","yoast_head_json":{"title":"Las mejores frutas ex\u00f3ticas para la Navidad - Ametller Origen","description":"Las frutas ex\u00f3ticas se vuelven\u00a0las protagonistas durante las fiestas navide\u00f1as. Y es justamente porque no son habituales en nuestro d\u00eda a d\u00eda, que durante la Navidad se incorporan en nuestras mesas, porque son algo especial para todos nosotros. \u00bfQuieres saber cu\u00e1les son?","robots":{"index":"index","follow":"follow","max-snippet":"max-snippet:-1","max-image-preview":"max-image-preview:large","max-video-preview":"max-video-preview:-1"},"canonical":"https:\/\/corp.ametllerorigen.com\/es\/noticias\/las-mejores-frutas-exoticas-para-la-navidad\/","og_locale":"es_ES","og_type":"article","og_title":"Las mejores frutas ex\u00f3ticas para la Navidad - Ametller Origen","og_description":"Las frutas ex\u00f3ticas se vuelven\u00a0las protagonistas durante las fiestas navide\u00f1as. Y es justamente porque no son habituales en nuestro d\u00eda a d\u00eda, que durante la Navidad se incorporan en nuestras mesas, porque son algo especial para todos nosotros. \u00bfQuieres saber cu\u00e1les son?","og_url":"https:\/\/corp.ametllerorigen.com\/es\/noticias\/las-mejores-frutas-exoticas-para-la-navidad\/","og_site_name":"Ametller Origen","article_published_time":"2022-10-11T07:30:19+00:00","article_modified_time":"2024-01-08T07:22:45+00:00","og_image":[{"width":1200,"height":720,"url":"https:\/\/corp.ametllerorigen.com\/wp-content\/uploads\/2023\/12\/Proyecto-nuevo-62.jpg","type":"image\/jpeg"}],"author":"Mireia Zaragoza","twitter_card":"summary_large_image","twitter_misc":{"Escrito por":"Mireia Zaragoza","Tiempo de lectura":"2 minutos"},"schema":{"@context":"https:\/\/schema.org","@graph":[{"@type":"Article","@id":"https:\/\/corp.ametllerorigen.com\/es\/noticias\/las-mejores-frutas-exoticas-para-la-navidad\/#article","isPartOf":{"@id":"https:\/\/corp.ametllerorigen.com\/es\/noticias\/las-mejores-frutas-exoticas-para-la-navidad\/"},"author":{"name":"Mireia Zaragoza","@id":"https:\/\/corp.ametllerorigen.com\/#\/schema\/person\/e22939cc3e873ae0a7cc0026def2b714"},"headline":"Las mejores frutas ex\u00f3ticas para la Navidad","datePublished":"2022-10-11T07:30:19+00:00","dateModified":"2024-01-08T07:22:45+00:00","mainEntityOfPage":{"@id":"https:\/\/corp.ametllerorigen.com\/es\/noticias\/las-mejores-frutas-exoticas-para-la-navidad\/"},"wordCount":378,"publisher":{"@id":"https:\/\/corp.ametllerorigen.com\/#organization"},"image":{"@id":"https:\/\/corp.ametllerorigen.com\/es\/noticias\/las-mejores-frutas-exoticas-para-la-navidad\/#primaryimage"},"thumbnailUrl":"https:\/\/corp.ametllerorigen.com\/wp-content\/uploads\/2023\/12\/Proyecto-nuevo-62.jpg","articleSection":["Alimentaci\u00f3n saludable","Noticias","Nutrientes"],"inLanguage":"es"},{"@type":"WebPage","@id":"https:\/\/corp.ametllerorigen.com\/es\/noticias\/las-mejores-frutas-exoticas-para-la-navidad\/","url":"https:\/\/corp.ametllerorigen.com\/es\/noticias\/las-mejores-frutas-exoticas-para-la-navidad\/","name":"Las mejores frutas ex\u00f3ticas para la Navidad - Ametller Origen","isPartOf":{"@id":"https:\/\/corp.ametllerorigen.com\/#website"},"primaryImageOfPage":{"@id":"https:\/\/corp.ametllerorigen.com\/es\/noticias\/las-mejores-frutas-exoticas-para-la-navidad\/#primaryimage"},"image":{"@id":"https:\/\/corp.ametllerorigen.com\/es\/noticias\/las-mejores-frutas-exoticas-para-la-navidad\/#primaryimage"},"thumbnailUrl":"https:\/\/corp.ametllerorigen.com\/wp-content\/uploads\/2023\/12\/Proyecto-nuevo-62.jpg","datePublished":"2022-10-11T07:30:19+00:00","dateModified":"2024-01-08T07:22:45+00:00","description":"Las frutas ex\u00f3ticas se vuelven\u00a0las protagonistas durante las fiestas navide\u00f1as. Y es justamente porque no son habituales en nuestro d\u00eda a d\u00eda, que durante la Navidad se incorporan en nuestras mesas, porque son algo especial para todos nosotros. \u00bfQuieres saber cu\u00e1les son?","breadcrumb":{"@id":"https:\/\/corp.ametllerorigen.com\/es\/noticias\/las-mejores-frutas-exoticas-para-la-navidad\/#breadcrumb"},"inLanguage":"es","potentialAction":[{"@type":"ReadAction","target":["https:\/\/corp.ametllerorigen.com\/es\/noticias\/las-mejores-frutas-exoticas-para-la-navidad\/"]}]},{"@type":"ImageObject","inLanguage":"es","@id":"https:\/\/corp.ametllerorigen.com\/es\/noticias\/las-mejores-frutas-exoticas-para-la-navidad\/#primaryimage","url":"https:\/\/corp.ametllerorigen.com\/wp-content\/uploads\/2023\/12\/Proyecto-nuevo-62.jpg","contentUrl":"https:\/\/corp.ametllerorigen.com\/wp-content\/uploads\/2023\/12\/Proyecto-nuevo-62.jpg","width":1200,"height":720},{"@type":"BreadcrumbList","@id":"https:\/\/corp.ametllerorigen.com\/es\/noticias\/las-mejores-frutas-exoticas-para-la-navidad\/#breadcrumb","itemListElement":[{"@type":"ListItem","position":1,"name":"Inici","item":"https:\/\/corp.ametllerorigen.com\/es\/home\/"},{"@type":"ListItem","position":2,"name":"Las mejores frutas ex\u00f3ticas para la Navidad"}]},{"@type":"WebSite","@id":"https:\/\/corp.ametllerorigen.com\/#website","url":"https:\/\/corp.ametllerorigen.com\/","name":"Ametller Origen","description":"Pensa com menges, menja com penses","publisher":{"@id":"https:\/\/corp.ametllerorigen.com\/#organization"},"potentialAction":[{"@type":"SearchAction","target":{"@type":"EntryPoint","urlTemplate":"https:\/\/corp.ametllerorigen.com\/?s={search_term_string}"},"query-input":{"@type":"PropertyValueSpecification","valueRequired":true,"valueName":"search_term_string"}}],"inLanguage":"es"},{"@type":"Organization","@id":"https:\/\/corp.ametllerorigen.com\/#organization","name":"Ametller Origen","url":"https:\/\/corp.ametllerorigen.com\/","logo":{"@type":"ImageObject","inLanguage":"es","@id":"https:\/\/corp.ametllerorigen.com\/#\/schema\/logo\/image\/","url":"https:\/\/corp.ametllerorigen.com\/wp-content\/uploads\/2025\/09\/Favicon.svg","contentUrl":"https:\/\/corp.ametllerorigen.com\/wp-content\/uploads\/2025\/09\/Favicon.svg","caption":"Ametller Origen"},"image":{"@id":"https:\/\/corp.ametllerorigen.com\/#\/schema\/logo\/image\/"}},{"@type":"Person","@id":"https:\/\/corp.ametllerorigen.com\/#\/schema\/person\/e22939cc3e873ae0a7cc0026def2b714","name":"Mireia Zaragoza","url":"https:\/\/corp.ametllerorigen.com\/es\/author\/mzaragoza\/"}]}},"_links":{"self":[{"href":"https:\/\/corp.ametllerorigen.com\/es\/wp-json\/wp\/v2\/posts\/12586","targetHints":{"allow":["GET"]}}],"collection":[{"href":"https:\/\/corp.ametllerorigen.com\/es\/wp-json\/wp\/v2\/posts"}],"about":[{"href":"https:\/\/corp.ametllerorigen.com\/es\/wp-json\/wp\/v2\/types\/post"}],"author":[{"embeddable":true,"href":"https:\/\/corp.ametllerorigen.com\/es\/wp-json\/wp\/v2\/users\/5"}],"replies":[{"embeddable":true,"href":"https:\/\/corp.ametllerorigen.com\/es\/wp-json\/wp\/v2\/comments?post=12586"}],"version-history":[{"count":1,"href":"https:\/\/corp.ametllerorigen.com\/es\/wp-json\/wp\/v2\/posts\/12586\/revisions"}],"predecessor-version":[{"id":12589,"href":"https:\/\/corp.ametllerorigen.com\/es\/wp-json\/wp\/v2\/posts\/12586\/revisions\/12589"}],"wp:featuredmedia":[{"embeddable":true,"href":"https:\/\/corp.ametllerorigen.com\/es\/wp-json\/wp\/v2\/media\/12587"}],"wp:attachment":[{"href":"https:\/\/corp.ametllerorigen.com\/es\/wp-json\/wp\/v2\/media?parent=12586"}],"wp:term":[{"taxonomy":"category","embeddable":true,"href":"https:\/\/corp.ametllerorigen.com\/es\/wp-json\/wp\/v2\/categories?post=12586"},{"taxonomy":"post_tag","embeddable":true,"href":"https:\/\/corp.ametllerorigen.com\/es\/wp-json\/wp\/v2\/tags?post=12586"}],"curies":[{"name":"wp","href":"https:\/\/api.w.org\/{rel}","templated":true}]}}