{"id":4719,"date":"2022-09-27T09:36:47","date_gmt":"2022-09-27T09:36:47","guid":{"rendered":"https:\/\/corp.ametllerorigen.com\/?p=4719"},"modified":"2022-09-28T08:48:56","modified_gmt":"2022-09-28T08:48:56","slug":"del-origen-al-plato-5-iniciativas-para-no-desperdiciar-los-alimentos","status":"publish","type":"post","link":"https:\/\/corp.ametllerorigen.com\/es\/noticias\/alimentacion-saludable\/del-origen-al-plato-5-iniciativas-para-no-desperdiciar-los-alimentos\/","title":{"rendered":"5 iniciativas de Ada Parellada contra el desperdicio de alimentos"},"content":{"rendered":"<p><em>Ada Parellada, chef del restaurante Semproniana<\/em><\/p>\n<p><strong>Uno de cada tres alimentos que se producen, a nivel mundial, se tiran.<\/strong> As\u00ed de claro. Las <strong>causas son muy diversas y diferentes<\/strong> en cada eslab\u00f3n de la cadena alimentaria, pero <strong>la consecuencia es com\u00fan: un sistema alimentario desajustado<\/strong> provoca crisis clim\u00e1tica, as\u00ed de contundente.<\/p>\n<p><strong>Es responsabilidad de los gobiernos, de la administraci\u00f3n, de las entidades competentes, legislar, normativizar, favorecer o penalizar, con pol\u00edticas competentes<\/strong>, la pr\u00e1ctica de los agentes alimentarios. S\u00ed, son los gestores de la comunidad quienes deben velar para que se revaloren los alimentos, pero a menudo nos menospreciamos&#8230;.despreciamos el poder que el consumidor tiene para cambiar el modelo alimentario. Es tan sencillo como que si el consumidor prioriza el producto de proximidad, se dejar\u00e1n de importar alimentos de la otra punta del mundo; si el consumidor exige mayor producto a granel, se dejar\u00e1n de envasar innecesariamente muchos productos; si el consumidor reduce el consumo de carne roja, se cuestionar\u00e1 la ganader\u00eda intensiva y un largo etc\u00e9tera. Los consumidores debemos creer que podemos cambiar el mundo.<\/p>\n<p>Y la sociedad se organiza, propone y trabaja. En este art\u00edculo presentamos una recopilaci\u00f3n de iniciativas que actualmente est\u00e1n a nuestro alcance, surgidas de colectivos diversos que luchan contra el desperdicio alimentario. Os las presentamos porque queremos hacer m\u00e1s visible un problema que nos afecta a todos, tanto a nivel medioambiental como social y \u00e9tico (con la mitad de lo que tiramos podr\u00edamos resolver el hambre cr\u00f3nico en el mundo), pero tambi\u00e9n os las presentamos porque nos llenan de optimismo: \u00a1con esta gente s\u00f3lo podemos ir a mejor!<\/p>\n<ol>\n<li><strong>Restaurante Semproniana &#8211; Gastrorecup<\/strong><\/li>\n<\/ol>\n<p>Una cena-denuncia contra el desperdicio alimentario. As\u00ed se define el <strong>Gastrorecup<\/strong>, la cita anual que organiza la chef Ada Parellada en su restaurante y que este a\u00f1o estaba enmarcada en la Semana para la Alimentaci\u00f3n Sostenible de Barcelona. Esta cena aglutina el desperdicio de casi todos los eslabones de la cadena alimentaria y los transforma en platos deliciosos, sabrosos y nutritivos.<\/p>\n<p>Pero no es una cena convencional: ya que no se puede elegir lo que se tira, en la cena no se puede elegir lo que se come. Y en esta pasada edici\u00f3n, celebrada en octubre del 2021, se a\u00f1adi\u00f3, adem\u00e1s, una novedad, hubo personas a las que no se dio de cenar, ya que aleatoriamente les toc\u00f3 ponerse en la piel de los m\u00e1s vulnerables, quienes no pueden acceder a una alimentaci\u00f3n digna y justa.<\/p>\n<ol start=\"2\">\n<li><strong>Espigoladors: En el campo<\/strong><\/li>\n<\/ol>\n<p>El objetivo de Espigoladors es fomentar la recolecci\u00f3n de excedente de alimentos directamente del campo. Es una estrategia para reducir las p\u00e9rdidas y el desperdicio alimentario, facilitar el acceso a una alimentaci\u00f3n adecuada para toda la poblaci\u00f3n e impulsar la transformaci\u00f3n social. El desperdicio en el campo se da por varias razones:<\/p>\n<ul>\n<li>Sobreproducci\u00f3n<\/li>\n<li>Alimentos de fuera de nuestras fronteras desplazan nuestra producci\u00f3n.<\/li>\n<li>A menudo se deja en el campo porque no sale a cuenta cosecharlo.<\/li>\n<\/ul>\n<p>&nbsp;<\/p>\n<ol start=\"3\">\n<li><strong>Mercabarna: Distribuci\u00f3n mayorista<\/strong><\/li>\n<\/ol>\n<p>Cada a\u00f1o se comercializan en Mercabarna dos millones de toneladas de alimentos. De estos productos se desperdician 9 millones de kilos (el 0,5%).<\/p>\n<p>El mercado mayorista ha dado un paso m\u00e1s contra la p\u00e9rdida de alimentos y ha construido un centro de aprovechamiento de alimentos con el doble de espacio que el punto verde anterior.<\/p>\n<p>El nuevo equipamiento, de 900m2, tiene una situaci\u00f3n estrat\u00e9gica y unas instalaciones espec\u00edficas para aumentar la recuperaci\u00f3n y donaci\u00f3n de alimentos.<\/p>\n<ol start=\"4\">\n<li><strong>Ametller Origen. Distribuci\u00f3n minorista<\/strong><\/li>\n<\/ol>\n<p>La distribuci\u00f3n minorista sufre el desperdicio por varias razones, ya sea porque se rompen envases debido a la exposici\u00f3n y autoservicio de los productos, poco espacio de refrigeraci\u00f3n, errores en los pedidos, o proximidad en las fechas de caducidad.<\/p>\n<p>Ametller Origen es un claro ejemplo en este sector que pone remedio a esta problem\u00e1tica. Determinadas tiendas de la compa\u00f1\u00eda disponen de una nevera 0% desperdicio, donde se ofrecen productos con fecha de caducidad corta a un precio m\u00e1s econ\u00f3mico. Asimismo, Ametller Origen colabora con diferentes entidades sociales dando productos frescos tambi\u00e9n con fecha de caducidad corta.<\/p>\n<ol start=\"5\">\n<li><strong>Too Good To Go<\/strong><\/li>\n<\/ol>\n<p>Esta empresa pone en contacto la distribuci\u00f3n minorista y el consumidor. Con mucha facilidad, una persona puede adquirir a bajo precio los excedentes de productos o aquellos productos que tienen una fecha de caducidad corta. Es una muy buena forma de combatir los efectos del desperdicio y ayudar en su redistribuci\u00f3n.<\/p>\n","protected":false},"excerpt":{"rendered":"<p>Ada Parellada, chef del restaurante Semproniana Uno de cada tres alimentos que se producen, a nivel mundial, se tiran. As\u00ed de claro. Las causas son muy diversas y diferentes en cada eslab\u00f3n de la cadena alimentaria, pero la consecuencia es com\u00fan: un sistema alimentario desajustado provoca crisis clim\u00e1tica, as\u00ed de contundente. Es responsabilidad de los [&hellip;]<\/p>\n","protected":false},"author":16,"featured_media":7989,"comment_status":"open","ping_status":"open","sticky":false,"template":"","format":"standard","meta":{"_acf_changed":false,"footnotes":""},"categories":[56,274,115],"tags":[],"class_list":["post-4719","post","type-post","status-publish","format-standard","has-post-thumbnail","hentry","category-alimentacion-saludable","category-noticias","category-sostenibilidad"],"acf":{"show_in_app":true},"yoast_head":"<!-- This site is optimized with the Yoast SEO plugin v27.5 - https:\/\/yoast.com\/product\/yoast-seo-wordpress\/ -->\n<title>Las 5 iniciativas de Ada Parellada para reducir el desperdicio de alimentos<\/title>\n<meta name=\"description\" content=\"Uno de cada tres alimentos que se producen, a nivel mundial, se tiranLa chef Ada Parellada nos cuenta 5 iniciativas para luchar contra el desperdicio de alimentos.\" \/>\n<meta name=\"robots\" content=\"index, follow, max-snippet:-1, max-image-preview:large, max-video-preview:-1\" \/>\n<link rel=\"canonical\" href=\"https:\/\/corp.ametllerorigen.com\/es\/noticias\/alimentacion-saludable\/del-origen-al-plato-5-iniciativas-para-no-desperdiciar-los-alimentos\/\" \/>\n<meta property=\"og:locale\" content=\"es_ES\" \/>\n<meta property=\"og:type\" content=\"article\" \/>\n<meta property=\"og:title\" content=\"Las 5 iniciativas de Ada Parellada para reducir el desperdicio de alimentos\" \/>\n<meta property=\"og:description\" content=\"Uno de cada tres alimentos que se producen, a nivel mundial, se tiranLa chef Ada Parellada nos cuenta 5 iniciativas para luchar contra el desperdicio de alimentos.\" \/>\n<meta property=\"og:url\" content=\"https:\/\/corp.ametllerorigen.com\/es\/noticias\/alimentacion-saludable\/del-origen-al-plato-5-iniciativas-para-no-desperdiciar-los-alimentos\/\" \/>\n<meta property=\"og:site_name\" content=\"Ametller Origen\" \/>\n<meta property=\"article:published_time\" content=\"2022-09-27T09:36:47+00:00\" \/>\n<meta property=\"article:modified_time\" content=\"2022-09-28T08:48:56+00:00\" \/>\n<meta property=\"og:image\" content=\"https:\/\/corp.ametllerorigen.com\/wp-content\/uploads\/2021\/11\/Nuevo-proyecto-2022-09-26T134008.609.jpg\" \/>\n\t<meta property=\"og:image:width\" content=\"1200\" \/>\n\t<meta property=\"og:image:height\" content=\"720\" \/>\n\t<meta property=\"og:image:type\" content=\"image\/jpeg\" \/>\n<meta name=\"author\" content=\"Ametller Origen\" \/>\n<meta name=\"twitter:card\" content=\"summary_large_image\" \/>\n<meta name=\"twitter:label1\" content=\"Escrito por\" \/>\n\t<meta name=\"twitter:data1\" content=\"Ametller Origen\" \/>\n\t<meta name=\"twitter:label2\" content=\"Tiempo de lectura\" \/>\n\t<meta name=\"twitter:data2\" content=\"4 minutos\" \/>\n<script type=\"application\/ld+json\" class=\"yoast-schema-graph\">{\"@context\":\"https:\\\/\\\/schema.org\",\"@graph\":[{\"@type\":\"Article\",\"@id\":\"https:\\\/\\\/corp.ametllerorigen.com\\\/es\\\/noticias\\\/alimentacion-saludable\\\/del-origen-al-plato-5-iniciativas-para-no-desperdiciar-los-alimentos\\\/#article\",\"isPartOf\":{\"@id\":\"https:\\\/\\\/corp.ametllerorigen.com\\\/es\\\/noticias\\\/alimentacion-saludable\\\/del-origen-al-plato-5-iniciativas-para-no-desperdiciar-los-alimentos\\\/\"},\"author\":{\"name\":\"Ametller Origen\",\"@id\":\"https:\\\/\\\/corp.ametllerorigen.com\\\/#\\\/schema\\\/person\\\/07838bbfabcd45e323ce472857f37262\"},\"headline\":\"5 iniciativas de Ada Parellada contra el desperdicio de alimentos\",\"datePublished\":\"2022-09-27T09:36:47+00:00\",\"dateModified\":\"2022-09-28T08:48:56+00:00\",\"mainEntityOfPage\":{\"@id\":\"https:\\\/\\\/corp.ametllerorigen.com\\\/es\\\/noticias\\\/alimentacion-saludable\\\/del-origen-al-plato-5-iniciativas-para-no-desperdiciar-los-alimentos\\\/\"},\"wordCount\":775,\"commentCount\":0,\"publisher\":{\"@id\":\"https:\\\/\\\/corp.ametllerorigen.com\\\/#organization\"},\"image\":{\"@id\":\"https:\\\/\\\/corp.ametllerorigen.com\\\/es\\\/noticias\\\/alimentacion-saludable\\\/del-origen-al-plato-5-iniciativas-para-no-desperdiciar-los-alimentos\\\/#primaryimage\"},\"thumbnailUrl\":\"https:\\\/\\\/corp.ametllerorigen.com\\\/wp-content\\\/uploads\\\/2021\\\/11\\\/Nuevo-proyecto-2022-09-26T134008.609.jpg\",\"articleSection\":[\"Alimentaci\u00f3n saludable\",\"Noticias\",\"Sostenibilidad\"],\"inLanguage\":\"es\",\"potentialAction\":[{\"@type\":\"CommentAction\",\"name\":\"Comment\",\"target\":[\"https:\\\/\\\/corp.ametllerorigen.com\\\/es\\\/noticias\\\/alimentacion-saludable\\\/del-origen-al-plato-5-iniciativas-para-no-desperdiciar-los-alimentos\\\/#respond\"]}]},{\"@type\":\"WebPage\",\"@id\":\"https:\\\/\\\/corp.ametllerorigen.com\\\/es\\\/noticias\\\/alimentacion-saludable\\\/del-origen-al-plato-5-iniciativas-para-no-desperdiciar-los-alimentos\\\/\",\"url\":\"https:\\\/\\\/corp.ametllerorigen.com\\\/es\\\/noticias\\\/alimentacion-saludable\\\/del-origen-al-plato-5-iniciativas-para-no-desperdiciar-los-alimentos\\\/\",\"name\":\"Las 5 iniciativas de Ada Parellada para reducir el desperdicio de alimentos\",\"isPartOf\":{\"@id\":\"https:\\\/\\\/corp.ametllerorigen.com\\\/#website\"},\"primaryImageOfPage\":{\"@id\":\"https:\\\/\\\/corp.ametllerorigen.com\\\/es\\\/noticias\\\/alimentacion-saludable\\\/del-origen-al-plato-5-iniciativas-para-no-desperdiciar-los-alimentos\\\/#primaryimage\"},\"image\":{\"@id\":\"https:\\\/\\\/corp.ametllerorigen.com\\\/es\\\/noticias\\\/alimentacion-saludable\\\/del-origen-al-plato-5-iniciativas-para-no-desperdiciar-los-alimentos\\\/#primaryimage\"},\"thumbnailUrl\":\"https:\\\/\\\/corp.ametllerorigen.com\\\/wp-content\\\/uploads\\\/2021\\\/11\\\/Nuevo-proyecto-2022-09-26T134008.609.jpg\",\"datePublished\":\"2022-09-27T09:36:47+00:00\",\"dateModified\":\"2022-09-28T08:48:56+00:00\",\"description\":\"Uno de cada tres alimentos que se producen, a nivel mundial, se tiranLa chef Ada Parellada nos cuenta 5 iniciativas para luchar contra el desperdicio de alimentos.\",\"breadcrumb\":{\"@id\":\"https:\\\/\\\/corp.ametllerorigen.com\\\/es\\\/noticias\\\/alimentacion-saludable\\\/del-origen-al-plato-5-iniciativas-para-no-desperdiciar-los-alimentos\\\/#breadcrumb\"},\"inLanguage\":\"es\",\"potentialAction\":[{\"@type\":\"ReadAction\",\"target\":[\"https:\\\/\\\/corp.ametllerorigen.com\\\/es\\\/noticias\\\/alimentacion-saludable\\\/del-origen-al-plato-5-iniciativas-para-no-desperdiciar-los-alimentos\\\/\"]}]},{\"@type\":\"ImageObject\",\"inLanguage\":\"es\",\"@id\":\"https:\\\/\\\/corp.ametllerorigen.com\\\/es\\\/noticias\\\/alimentacion-saludable\\\/del-origen-al-plato-5-iniciativas-para-no-desperdiciar-los-alimentos\\\/#primaryimage\",\"url\":\"https:\\\/\\\/corp.ametllerorigen.com\\\/wp-content\\\/uploads\\\/2021\\\/11\\\/Nuevo-proyecto-2022-09-26T134008.609.jpg\",\"contentUrl\":\"https:\\\/\\\/corp.ametllerorigen.com\\\/wp-content\\\/uploads\\\/2021\\\/11\\\/Nuevo-proyecto-2022-09-26T134008.609.jpg\",\"width\":1200,\"height\":720},{\"@type\":\"BreadcrumbList\",\"@id\":\"https:\\\/\\\/corp.ametllerorigen.com\\\/es\\\/noticias\\\/alimentacion-saludable\\\/del-origen-al-plato-5-iniciativas-para-no-desperdiciar-los-alimentos\\\/#breadcrumb\",\"itemListElement\":[{\"@type\":\"ListItem\",\"position\":1,\"name\":\"Inici\",\"item\":\"https:\\\/\\\/corp.ametllerorigen.com\\\/es\\\/home\\\/\"},{\"@type\":\"ListItem\",\"position\":2,\"name\":\"5 iniciativas de Ada Parellada contra el desperdicio de alimentos\"}]},{\"@type\":\"WebSite\",\"@id\":\"https:\\\/\\\/corp.ametllerorigen.com\\\/#website\",\"url\":\"https:\\\/\\\/corp.ametllerorigen.com\\\/\",\"name\":\"Ametller Origen\",\"description\":\"Pensa com menges, menja com penses\",\"publisher\":{\"@id\":\"https:\\\/\\\/corp.ametllerorigen.com\\\/#organization\"},\"potentialAction\":[{\"@type\":\"SearchAction\",\"target\":{\"@type\":\"EntryPoint\",\"urlTemplate\":\"https:\\\/\\\/corp.ametllerorigen.com\\\/?s={search_term_string}\"},\"query-input\":{\"@type\":\"PropertyValueSpecification\",\"valueRequired\":true,\"valueName\":\"search_term_string\"}}],\"inLanguage\":\"es\"},{\"@type\":\"Organization\",\"@id\":\"https:\\\/\\\/corp.ametllerorigen.com\\\/#organization\",\"name\":\"Ametller Origen\",\"url\":\"https:\\\/\\\/corp.ametllerorigen.com\\\/\",\"logo\":{\"@type\":\"ImageObject\",\"inLanguage\":\"es\",\"@id\":\"https:\\\/\\\/corp.ametllerorigen.com\\\/#\\\/schema\\\/logo\\\/image\\\/\",\"url\":\"https:\\\/\\\/corp.ametllerorigen.com\\\/wp-content\\\/uploads\\\/2025\\\/09\\\/Favicon.svg\",\"contentUrl\":\"https:\\\/\\\/corp.ametllerorigen.com\\\/wp-content\\\/uploads\\\/2025\\\/09\\\/Favicon.svg\",\"caption\":\"Ametller Origen\"},\"image\":{\"@id\":\"https:\\\/\\\/corp.ametllerorigen.com\\\/#\\\/schema\\\/logo\\\/image\\\/\"}},{\"@type\":\"Person\",\"@id\":\"https:\\\/\\\/corp.ametllerorigen.com\\\/#\\\/schema\\\/person\\\/07838bbfabcd45e323ce472857f37262\",\"name\":\"Ametller Origen\",\"url\":\"https:\\\/\\\/corp.ametllerorigen.com\\\/es\\\/author\\\/ametllerorigen\\\/\"}]}<\/script>\n<!-- \/ Yoast SEO plugin. -->","yoast_head_json":{"title":"Las 5 iniciativas de Ada Parellada para reducir el desperdicio de alimentos","description":"Uno de cada tres alimentos que se producen, a nivel mundial, se tiranLa chef Ada Parellada nos cuenta 5 iniciativas para luchar contra el desperdicio de alimentos.","robots":{"index":"index","follow":"follow","max-snippet":"max-snippet:-1","max-image-preview":"max-image-preview:large","max-video-preview":"max-video-preview:-1"},"canonical":"https:\/\/corp.ametllerorigen.com\/es\/noticias\/alimentacion-saludable\/del-origen-al-plato-5-iniciativas-para-no-desperdiciar-los-alimentos\/","og_locale":"es_ES","og_type":"article","og_title":"Las 5 iniciativas de Ada Parellada para reducir el desperdicio de alimentos","og_description":"Uno de cada tres alimentos que se producen, a nivel mundial, se tiranLa chef Ada Parellada nos cuenta 5 iniciativas para luchar contra el desperdicio de alimentos.","og_url":"https:\/\/corp.ametllerorigen.com\/es\/noticias\/alimentacion-saludable\/del-origen-al-plato-5-iniciativas-para-no-desperdiciar-los-alimentos\/","og_site_name":"Ametller Origen","article_published_time":"2022-09-27T09:36:47+00:00","article_modified_time":"2022-09-28T08:48:56+00:00","og_image":[{"width":1200,"height":720,"url":"https:\/\/corp.ametllerorigen.com\/wp-content\/uploads\/2021\/11\/Nuevo-proyecto-2022-09-26T134008.609.jpg","type":"image\/jpeg"}],"author":"Ametller Origen","twitter_card":"summary_large_image","twitter_misc":{"Escrito por":"Ametller Origen","Tiempo de lectura":"4 minutos"},"schema":{"@context":"https:\/\/schema.org","@graph":[{"@type":"Article","@id":"https:\/\/corp.ametllerorigen.com\/es\/noticias\/alimentacion-saludable\/del-origen-al-plato-5-iniciativas-para-no-desperdiciar-los-alimentos\/#article","isPartOf":{"@id":"https:\/\/corp.ametllerorigen.com\/es\/noticias\/alimentacion-saludable\/del-origen-al-plato-5-iniciativas-para-no-desperdiciar-los-alimentos\/"},"author":{"name":"Ametller Origen","@id":"https:\/\/corp.ametllerorigen.com\/#\/schema\/person\/07838bbfabcd45e323ce472857f37262"},"headline":"5 iniciativas de Ada Parellada contra el desperdicio de alimentos","datePublished":"2022-09-27T09:36:47+00:00","dateModified":"2022-09-28T08:48:56+00:00","mainEntityOfPage":{"@id":"https:\/\/corp.ametllerorigen.com\/es\/noticias\/alimentacion-saludable\/del-origen-al-plato-5-iniciativas-para-no-desperdiciar-los-alimentos\/"},"wordCount":775,"commentCount":0,"publisher":{"@id":"https:\/\/corp.ametllerorigen.com\/#organization"},"image":{"@id":"https:\/\/corp.ametllerorigen.com\/es\/noticias\/alimentacion-saludable\/del-origen-al-plato-5-iniciativas-para-no-desperdiciar-los-alimentos\/#primaryimage"},"thumbnailUrl":"https:\/\/corp.ametllerorigen.com\/wp-content\/uploads\/2021\/11\/Nuevo-proyecto-2022-09-26T134008.609.jpg","articleSection":["Alimentaci\u00f3n saludable","Noticias","Sostenibilidad"],"inLanguage":"es","potentialAction":[{"@type":"CommentAction","name":"Comment","target":["https:\/\/corp.ametllerorigen.com\/es\/noticias\/alimentacion-saludable\/del-origen-al-plato-5-iniciativas-para-no-desperdiciar-los-alimentos\/#respond"]}]},{"@type":"WebPage","@id":"https:\/\/corp.ametllerorigen.com\/es\/noticias\/alimentacion-saludable\/del-origen-al-plato-5-iniciativas-para-no-desperdiciar-los-alimentos\/","url":"https:\/\/corp.ametllerorigen.com\/es\/noticias\/alimentacion-saludable\/del-origen-al-plato-5-iniciativas-para-no-desperdiciar-los-alimentos\/","name":"Las 5 iniciativas de Ada Parellada para reducir el desperdicio de alimentos","isPartOf":{"@id":"https:\/\/corp.ametllerorigen.com\/#website"},"primaryImageOfPage":{"@id":"https:\/\/corp.ametllerorigen.com\/es\/noticias\/alimentacion-saludable\/del-origen-al-plato-5-iniciativas-para-no-desperdiciar-los-alimentos\/#primaryimage"},"image":{"@id":"https:\/\/corp.ametllerorigen.com\/es\/noticias\/alimentacion-saludable\/del-origen-al-plato-5-iniciativas-para-no-desperdiciar-los-alimentos\/#primaryimage"},"thumbnailUrl":"https:\/\/corp.ametllerorigen.com\/wp-content\/uploads\/2021\/11\/Nuevo-proyecto-2022-09-26T134008.609.jpg","datePublished":"2022-09-27T09:36:47+00:00","dateModified":"2022-09-28T08:48:56+00:00","description":"Uno de cada tres alimentos que se producen, a nivel mundial, se tiranLa chef Ada Parellada nos cuenta 5 iniciativas para luchar contra el desperdicio de alimentos.","breadcrumb":{"@id":"https:\/\/corp.ametllerorigen.com\/es\/noticias\/alimentacion-saludable\/del-origen-al-plato-5-iniciativas-para-no-desperdiciar-los-alimentos\/#breadcrumb"},"inLanguage":"es","potentialAction":[{"@type":"ReadAction","target":["https:\/\/corp.ametllerorigen.com\/es\/noticias\/alimentacion-saludable\/del-origen-al-plato-5-iniciativas-para-no-desperdiciar-los-alimentos\/"]}]},{"@type":"ImageObject","inLanguage":"es","@id":"https:\/\/corp.ametllerorigen.com\/es\/noticias\/alimentacion-saludable\/del-origen-al-plato-5-iniciativas-para-no-desperdiciar-los-alimentos\/#primaryimage","url":"https:\/\/corp.ametllerorigen.com\/wp-content\/uploads\/2021\/11\/Nuevo-proyecto-2022-09-26T134008.609.jpg","contentUrl":"https:\/\/corp.ametllerorigen.com\/wp-content\/uploads\/2021\/11\/Nuevo-proyecto-2022-09-26T134008.609.jpg","width":1200,"height":720},{"@type":"BreadcrumbList","@id":"https:\/\/corp.ametllerorigen.com\/es\/noticias\/alimentacion-saludable\/del-origen-al-plato-5-iniciativas-para-no-desperdiciar-los-alimentos\/#breadcrumb","itemListElement":[{"@type":"ListItem","position":1,"name":"Inici","item":"https:\/\/corp.ametllerorigen.com\/es\/home\/"},{"@type":"ListItem","position":2,"name":"5 iniciativas de Ada Parellada contra el desperdicio de alimentos"}]},{"@type":"WebSite","@id":"https:\/\/corp.ametllerorigen.com\/#website","url":"https:\/\/corp.ametllerorigen.com\/","name":"Ametller Origen","description":"Pensa com menges, menja com penses","publisher":{"@id":"https:\/\/corp.ametllerorigen.com\/#organization"},"potentialAction":[{"@type":"SearchAction","target":{"@type":"EntryPoint","urlTemplate":"https:\/\/corp.ametllerorigen.com\/?s={search_term_string}"},"query-input":{"@type":"PropertyValueSpecification","valueRequired":true,"valueName":"search_term_string"}}],"inLanguage":"es"},{"@type":"Organization","@id":"https:\/\/corp.ametllerorigen.com\/#organization","name":"Ametller Origen","url":"https:\/\/corp.ametllerorigen.com\/","logo":{"@type":"ImageObject","inLanguage":"es","@id":"https:\/\/corp.ametllerorigen.com\/#\/schema\/logo\/image\/","url":"https:\/\/corp.ametllerorigen.com\/wp-content\/uploads\/2025\/09\/Favicon.svg","contentUrl":"https:\/\/corp.ametllerorigen.com\/wp-content\/uploads\/2025\/09\/Favicon.svg","caption":"Ametller Origen"},"image":{"@id":"https:\/\/corp.ametllerorigen.com\/#\/schema\/logo\/image\/"}},{"@type":"Person","@id":"https:\/\/corp.ametllerorigen.com\/#\/schema\/person\/07838bbfabcd45e323ce472857f37262","name":"Ametller Origen","url":"https:\/\/corp.ametllerorigen.com\/es\/author\/ametllerorigen\/"}]}},"_links":{"self":[{"href":"https:\/\/corp.ametllerorigen.com\/es\/wp-json\/wp\/v2\/posts\/4719","targetHints":{"allow":["GET"]}}],"collection":[{"href":"https:\/\/corp.ametllerorigen.com\/es\/wp-json\/wp\/v2\/posts"}],"about":[{"href":"https:\/\/corp.ametllerorigen.com\/es\/wp-json\/wp\/v2\/types\/post"}],"author":[{"embeddable":true,"href":"https:\/\/corp.ametllerorigen.com\/es\/wp-json\/wp\/v2\/users\/16"}],"replies":[{"embeddable":true,"href":"https:\/\/corp.ametllerorigen.com\/es\/wp-json\/wp\/v2\/comments?post=4719"}],"version-history":[{"count":4,"href":"https:\/\/corp.ametllerorigen.com\/es\/wp-json\/wp\/v2\/posts\/4719\/revisions"}],"predecessor-version":[{"id":7993,"href":"https:\/\/corp.ametllerorigen.com\/es\/wp-json\/wp\/v2\/posts\/4719\/revisions\/7993"}],"wp:featuredmedia":[{"embeddable":true,"href":"https:\/\/corp.ametllerorigen.com\/es\/wp-json\/wp\/v2\/media\/7989"}],"wp:attachment":[{"href":"https:\/\/corp.ametllerorigen.com\/es\/wp-json\/wp\/v2\/media?parent=4719"}],"wp:term":[{"taxonomy":"category","embeddable":true,"href":"https:\/\/corp.ametllerorigen.com\/es\/wp-json\/wp\/v2\/categories?post=4719"},{"taxonomy":"post_tag","embeddable":true,"href":"https:\/\/corp.ametllerorigen.com\/es\/wp-json\/wp\/v2\/tags?post=4719"}],"curies":[{"name":"wp","href":"https:\/\/api.w.org\/{rel}","templated":true}]}}